{"id":123,"date":"2022-10-21T18:49:01","date_gmt":"2022-10-21T18:49:01","guid":{"rendered":"https:\/\/egonet.se\/?p=123"},"modified":"2022-10-21T19:41:49","modified_gmt":"2022-10-21T19:41:49","slug":"bredband-privat","status":"publish","type":"post","link":"https:\/\/egonet.se\/?p=123","title":{"rendered":"Bredband Privat"},"content":{"rendered":"\n<p><strong>Bodens stadsn\u00e4t:<\/strong><\/p>\n\n\n\n<p>100\/100 Mbit\/s f\u00f6r 290 kr\/m\u00e5n<br>Ta kontakt med oss f\u00f6r mer info<\/p>\n\n\n\n<p><strong>Egonets fiberkunder:<\/strong><br>100\/100 Mbit\/s f\u00f6r 290 kr\/m\u00e5n<br>Ta kontakt med oss f\u00f6r mer info<\/p>\n\n\n\n<p><strong>F\u00f6r kunder i Kabel-tv n\u00e4t:<\/strong><\/p>\n\n\n\n<p>F\u00f6re anslutning till Egonet AB ser vi helst att antenn\u00e4tet i er fastighet\/villa besiktas f\u00f6r att s\u00e4kerst\u00e4lla att er tj\u00e4nst skall fungera som planerat och att ni inte f\u00e5r&nbsp;on\u00f6diga st\u00f6rningar. I n\u00e4stan alla fall d\u00e4r fastigheter f\u00e5tt sitt antenn\u00e4t renoverat har TV bilden avsev\u00e4rt f\u00f6rb\u00e4ttrats som en bonuseffekt.<\/p>\n\n\n\n<p>Modemet ansluts till ett tv uttag som ska vara ett multimedia uttag (tre h\u00e5l i v\u00e4ggen). Om ni inte har ett s\u00e5dant beh\u00f6ver ett befintligt uttag bytas ut, eller ett nytt monteras. Naturligtvis kan vi hj\u00e4lpa er med detta.<\/p>\n\n\n\n<p><a href=\"http:\/\/s4n.egonet.se\/wp-content\/uploads\/2010\/02\/Installation1.pdf\" target=\"_blank\" rel=\"noreferrer noopener\">Installation<\/a>&nbsp;av modem<\/p>\n\n\n\n<h6 class=\"wp-block-heading\">*Abonnemanget \u00e4r tillg\u00e4ngligt i Boden och Lule\u00e5<br>** G\u00e4ller endast vid nyanslutning<\/h6>\n\n\n\n<p>Besiktning\/m\u00e4tning av antenn\u00e4t i villa 490:-<\/p>\n\n\n\n<p>Titta under Telefoni f\u00f6r information kring detta.<\/p>\n","protected":false},"excerpt":{"rendered":"<p>Bodens stadsn\u00e4t: 100\/100 Mbit\/s f\u00f6r 290 kr\/m\u00e5nTa kontakt med oss f\u00f6r mer info Egonets fiberkunder:100\/100 Mbit\/s f\u00f6r 290 kr\/m\u00e5nTa kontakt med oss f\u00f6r mer info F\u00f6r kunder i Kabel-tv n\u00e4t: F\u00f6re anslutning till Egonet AB ser vi helst att antenn\u00e4tet i er fastighet\/villa besiktas f\u00f6r att s\u00e4kerst\u00e4lla att er tj\u00e4nst skall fungera som planerat och [&hellip;]<\/p>\n","protected":false},"author":2,"featured_media":0,"comment_status":"open","ping_status":"open","sticky":false,"template":"","format":"standard","meta":{"footnotes":""},"categories":[8,1],"tags":[],"class_list":["post-123","post","type-post","status-publish","format-standard","hentry","category-internal","category-uncategorized"],"_links":{"self":[{"href":"https:\/\/egonet.se\/index.php?rest_route=\/wp\/v2\/posts\/123","targetHints":{"allow":["GET"]}}],"collection":[{"href":"https:\/\/egonet.se\/index.php?rest_route=\/wp\/v2\/posts"}],"about":[{"href":"https:\/\/egonet.se\/index.php?rest_route=\/wp\/v2\/types\/post"}],"author":[{"embeddable":true,"href":"https:\/\/egonet.se\/index.php?rest_route=\/wp\/v2\/users\/2"}],"replies":[{"embeddable":true,"href":"https:\/\/egonet.se\/index.php?rest_route=%2Fwp%2Fv2%2Fcomments&post=123"}],"version-history":[{"count":1,"href":"https:\/\/egonet.se\/index.php?rest_route=\/wp\/v2\/posts\/123\/revisions"}],"predecessor-version":[{"id":124,"href":"https:\/\/egonet.se\/index.php?rest_route=\/wp\/v2\/posts\/123\/revisions\/124"}],"wp:attachment":[{"href":"https:\/\/egonet.se\/index.php?rest_route=%2Fwp%2Fv2%2Fmedia&parent=123"}],"wp:term":[{"taxonomy":"category","embeddable":true,"href":"https:\/\/egonet.se\/index.php?rest_route=%2Fwp%2Fv2%2Fcategories&post=123"},{"taxonomy":"post_tag","embeddable":true,"href":"https:\/\/egonet.se\/index.php?rest_route=%2Fwp%2Fv2%2Ftags&post=123"}],"curies":[{"name":"wp","href":"https:\/\/api.w.org\/{rel}","templated":true}]}}